{"id":432,"date":"2021-08-20T07:20:56","date_gmt":"2021-08-20T10:20:56","guid":{"rendered":"http:\/\/turismopiedrasblancas.com.ar\/?p=432"},"modified":"2021-09-06T07:43:38","modified_gmt":"2021-09-06T10:43:38","slug":"centro-cultural-este-viernes-20-se-proyectara-el-film-el-canibal-del-parana","status":"publish","type":"post","link":"https:\/\/turismopiedrasblancas.com.ar\/index.php\/2021\/08\/20\/centro-cultural-este-viernes-20-se-proyectara-el-film-el-canibal-del-parana\/","title":{"rendered":"Centro Cultural: Este viernes 20 se proyectar\u00e1 el Film &#8220;El Can\u00edbal del Paran\u00e1&#8221;"},"content":{"rendered":"\n<p><span class=\"has-inline-color has-black-color\">La Secretar\u00eda de Cultura de la Municipalidad de Piedras Blancas invita a presenciar&nbsp; la proyecci\u00f3n del film &#8220;El can\u00edbal del Paran\u00e1&#8221;, que cuenta la historia de Aparicio Garay, uno de los homicidas m\u00e1s oscuros de la historia argentina.&nbsp;<strong>Ser\u00e1 el viernes 20 de agosto, a las&nbsp;19,30, en el&nbsp;Centro Cultural Oscar Ringo Maidana.<\/strong> Quienes deseen asistir, podr\u00e1n anotarse a trav\u00e9s del correo&nbsp;<a href=\"mailto:culturapiedrasblancas@gmail.com\">culturapiedrasblancas@gmail.com<\/a>&nbsp;o por WhatsApp al 3436234066.<strong>&nbsp;Los cupos son limitados, respetando los protocolos sanitarios.<\/strong><\/span><\/p>\n\n\n\n<figure class=\"wp-block-embed is-type-video is-provider-youtube wp-block-embed-youtube wp-embed-aspect-16-9 wp-has-aspect-ratio\"><div class=\"wp-block-embed__wrapper\">\n<iframe loading=\"lazy\" title=\"Trailer El Can\u00edbal del Paran\u00e1\" width=\"750\" height=\"422\" src=\"https:\/\/www.youtube.com\/embed\/QExCVcTo5Eg?feature=oembed\" frameborder=\"0\" allow=\"accelerometer; autoplay; clipboard-write; encrypted-media; gyroscope; picture-in-picture\" allowfullscreen><\/iframe>\n<\/div><figcaption>                                                                         Trailer &#8220;El Can\u00edbal del Paran\u00e1&#8221;<\/figcaption><\/figure>\n\n\n\n<p><span class=\"has-inline-color has-black-color\"><strong>APARICIO GARAY Y SU RELACI\u00d3N CON PIEDRAS BLANCAS<\/strong>&nbsp;El film &#8220;El Can\u00edbal del Paran\u00e1&#8221;, cuenta la historia de Aparicio Garay, un hombre que viv\u00eda entre las islas de la costa del Paran\u00e1, entre Hernandarias y Piedras Blancas (costa entrerriana) y en Cayast\u00e1 (costa santafesina), y que el&nbsp;<strong>19 de mayo de 1936 confes\u00f3 ante la polic\u00eda que asesin\u00f3 y comi\u00f3 a un ni\u00f1o.<\/strong>&nbsp;&#8220;Tengo miedo se\u00f1or, porque cuando&nbsp;<strong>uno comienza a comer carne humana se envicia&nbsp;<\/strong>y despu\u00e9s quiere comer m\u00e1s&#8221;. Con esta macabra declaraci\u00f3n,&nbsp; Garay confes\u00f3 ante el comisario P\u00e9rez de la comisaria de Helvecia (Santa Fe) el crimen que lo llevar\u00eda a la c\u00e1rcel y luego a un hospicio para alienados mentales donde acabar\u00eda sus d\u00edas. Con su muerte finalizaron los homicidios de uno de los personajes m\u00e1s oscuros de la historia del crimen argentino conocido como el &#8220;Can\u00edbal del Paran\u00e1&#8221;. Su obsesi\u00f3n: secuestrar ni\u00f1os y comerlos.&nbsp;Los viejos pobladores lo recuerdan por &#8220;su mirada brava, especialmente penetrante sobre todo cuando miraba a los ni\u00f1os&#8221;.<\/span><\/p>\n\n\n\n<div class=\"wp-block-image\"><figure class=\"aligncenter is-resized\"><img loading=\"lazy\" src=\"http:\/\/www.lasexta.com.ar\/images\/AparicioGarayCanibal.jpg\" alt=\"AparicioGarayCanibal\" width=\"585\" height=\"390\"\/><figcaption><em>El can\u00edbal (en el medio, con sombrero), en el momento de su detenci\u00f3n<\/em><br><\/figcaption><\/figure><\/div>\n\n\n\n<p><span class=\"has-inline-color has-black-color\"><em>El can\u00edbal (en el medio, con sombrero), en el momento de su detenci\u00f3n<\/em>&nbsp;El director del film es Jos\u00e9 Luis Mastrolorenzo, a quien la historia afecta personalmente. Y es que su abuela Fortunata Cordero ten\u00eda una hermanita, Margarita, y cuando ni\u00f1as (la primera ten\u00eda once y la segunda siete) lo acompa\u00f1aron a su padre a la isla en canoa a ver la hacienda que \u00e9l cuidaba. Eran d\u00edas de creciente. &#8220;Se ponen a limpiar el rancho y Margarita sale a buscar agua el r\u00edo:&nbsp;<strong>nunca m\u00e1s volvi\u00f3<\/strong>&#8220;, afirm\u00f3 Mastrolorenzo en una entrevista en el diario La Naci\u00f3n en 2020. Su abuela, que muri\u00f3 con 101 a\u00f1os, segu\u00eda convencida que su peque\u00f1a hermana fue una v\u00edctima de Aparicio. &#8220;<strong>Estaba ese viejo que com\u00eda chicos<\/strong>, dec\u00eda que era carne dulce, nos llev\u00f3 a Margarita&#8221;, manifest\u00f3 Fortunata en el documental.&nbsp;Siguiendo sus perversos impulsos, en 1936 en La Vuelta del Dorado, en Cayast\u00e1, secuestr\u00f3 a Eusebio Lugones de 11 a\u00f1os (ten\u00eda un hermano mellizo, apodado Pano), quien estaba solo en la orilla pescando. Sus padres y hermano se hab\u00edan ido a hacer los mandados. Un vecino declar\u00f3 en la causa que se le acerc\u00f3 a Garay, quien le pregunt\u00f3 &#8220;si en esta direcci\u00f3n iba bien para El Polo Norte&#8221;, lo crey\u00f3 un loco y se fue y con \u00e9l, la \u00fanica oportunidad de Eusebio de estar a salvo del monstruo.&nbsp;<\/span><\/p>\n\n\n\n<p><span class=\"has-inline-color has-black-color\">Aparicio Garay fue encarcelado en la c\u00e1rcel de Las Flores (Santa Fe), pero su condici\u00f3n mental oblig\u00f3 a trasladarlo al Hospicio para Alienados Mentales de las Mercedes (hoy, Hospital Borda), en la ciudad de Buenos Aires. La \u00faltima noticia que se tiene de \u00e9l fue por un recorte de un diario, en 1938&nbsp;<strong>mat\u00f3 de un golpe en la cabeza a su compa\u00f1ero de habitaci\u00f3n<\/strong>, el italiano Vicente Grassia, porque roncaba.&nbsp;<\/span><\/p>\n","protected":false},"excerpt":{"rendered":"<p>La Secretar&iacute;a de Cultura de la Municipalidad de Piedras Blancas invita a presenciar&nbsp; la proyecci&oacute;n del film &ldquo;El can&iacute;bal del Paran&aacute;&rdquo;, que cuenta la historia de Aparicio Garay, uno de los homicidas m&aacute;s oscuros de la historia argentina.&nbsp;Ser&aacute; el viernes 20 de agosto, a las&nbsp;19,30, en el&nbsp;Centro Cultural Oscar Ringo [&hellip;]<\/p>\n","protected":false},"author":2,"featured_media":433,"comment_status":"closed","ping_status":"closed","sticky":false,"template":"","format":"standard","meta":{"om_disable_all_campaigns":false,"_monsterinsights_skip_tracking":false,"_monsterinsights_sitenote_active":false,"_monsterinsights_sitenote_note":"","_monsterinsights_sitenote_category":0,"ngg_post_thumbnail":0},"categories":[5],"tags":[],"_links":{"self":[{"href":"https:\/\/turismopiedrasblancas.com.ar\/index.php\/wp-json\/wp\/v2\/posts\/432"}],"collection":[{"href":"https:\/\/turismopiedrasblancas.com.ar\/index.php\/wp-json\/wp\/v2\/posts"}],"about":[{"href":"https:\/\/turismopiedrasblancas.com.ar\/index.php\/wp-json\/wp\/v2\/types\/post"}],"author":[{"embeddable":true,"href":"https:\/\/turismopiedrasblancas.com.ar\/index.php\/wp-json\/wp\/v2\/users\/2"}],"replies":[{"embeddable":true,"href":"https:\/\/turismopiedrasblancas.com.ar\/index.php\/wp-json\/wp\/v2\/comments?post=432"}],"version-history":[{"count":6,"href":"https:\/\/turismopiedrasblancas.com.ar\/index.php\/wp-json\/wp\/v2\/posts\/432\/revisions"}],"predecessor-version":[{"id":442,"href":"https:\/\/turismopiedrasblancas.com.ar\/index.php\/wp-json\/wp\/v2\/posts\/432\/revisions\/442"}],"wp:featuredmedia":[{"embeddable":true,"href":"https:\/\/turismopiedrasblancas.com.ar\/index.php\/wp-json\/wp\/v2\/media\/433"}],"wp:attachment":[{"href":"https:\/\/turismopiedrasblancas.com.ar\/index.php\/wp-json\/wp\/v2\/media?parent=432"}],"wp:term":[{"taxonomy":"category","embeddable":true,"href":"https:\/\/turismopiedrasblancas.com.ar\/index.php\/wp-json\/wp\/v2\/categories?post=432"},{"taxonomy":"post_tag","embeddable":true,"href":"https:\/\/turismopiedrasblancas.com.ar\/index.php\/wp-json\/wp\/v2\/tags?post=432"}],"curies":[{"name":"wp","href":"https:\/\/api.w.org\/{rel}","templated":true}]}}