{"id":811,"date":"2021-09-06T07:29:27","date_gmt":"2021-09-06T10:29:27","guid":{"rendered":"http:\/\/turismopiedrasblancas.com.ar\/?p=811"},"modified":"2021-09-06T10:34:49","modified_gmt":"2021-09-06T13:34:49","slug":"francisco-el-cortometraje-filmado-en-piedras-blancas-se-estrenara-este-proximo-9-de-octubre","status":"publish","type":"post","link":"http:\/\/turismopiedrasblancas.com.ar\/index.php\/2021\/09\/06\/francisco-el-cortometraje-filmado-en-piedras-blancas-se-estrenara-este-proximo-9-de-octubre\/","title":{"rendered":"Francisco, el cortometraje filmado en Piedras Blancas, se estrenar\u00e1 este pr\u00f3ximo 9 de octubre"},"content":{"rendered":"\n<p><span class=\"has-inline-color has-black-color\">La portada del cortometraje &#8220;FRANCISCO&#8221;, filmado recientemente en Piedras Blancas y Paran\u00e1, dirigido con much\u00edsimo esmero por el joven realizador Luciano N\u00f3bile, fue presentada en la localidad de Concordia.<\/span><\/p>\n\n\n\n<p><span class=\"has-inline-color has-black-color\">Seg\u00fan trascendi\u00f3, el estreno oficial del cortometraje est\u00e1 programado para el s\u00e1bado 9 de octubre en La Vieja Usina de la capital provincial.<\/span><\/p>\n\n\n\n<p><span class=\"has-inline-color has-black-color\">Jorge Busti, ex gobernador de la Provincia de Entre R\u00edos y quien forma parte de la Comisi\u00f3n de Homenajes a Francisco Ram\u00edrez expres\u00f3 \u201cPara m\u00ed y la Comisi\u00f3n constituye una gran alegr\u00eda que cada d\u00eda m\u00e1s producciones art\u00edsticas genuinamente entrerrianas, sigan poniendo en valor y realzando la figura de nuestro Supremo\u201d.<\/span><\/p>\n\n\n\n<p><span class=\"has-inline-color has-black-color\">\u201cHabiendo visto algunas im\u00e1genes del rodaje no tengo dudas que estamos frente a una pel\u00edcula que se va a destacar por su gran calidad t\u00e9cnica y art\u00edstica del film protagonizado por los actores Juan Pablo Amarillo y Ekaterina Gelroth\u201d.<\/span><\/p>\n\n\n\n<p><span class=\"has-inline-color has-black-color\">\u201cPara que este proyecto hoy est\u00e9 pronto a ser una realidad quiero agradecer especialmente el apoyo del Consejo Federal de Inversiones y de Cultura Entre R\u00edos. Asimismo, destacar la colaboraci\u00f3n que brind\u00f3 el intendente Fabricio &#8220;Gino&#8221; Mesquida y toda la comunidad de Piedras Blancas, como as\u00ed tambi\u00e9n las autoridades de la Escuela Hogar, la Ministra de Gobierno y Justicia Rosario Romero, el intendente de Maci\u00e1 Juan Diego Conti y la Municipalidad de Paran\u00e1, entre tantos otros\u201d, puntualiz\u00f3 el ex gobernador.<\/span><\/p>\n","protected":false},"excerpt":{"rendered":"<p>La portada del cortometraje &ldquo;FRANCISCO&rdquo;, filmado recientemente en Piedras Blancas y Paran&aacute;, dirigido con much&iacute;simo esmero por el joven realizador Luciano N&oacute;bile, fue presentada en la localidad de Concordia. Seg&uacute;n trascendi&oacute;, el estreno oficial del cortometraje est&aacute; programado para el s&aacute;bado 9 de octubre en La Vieja Usina de la [&hellip;]<\/p>\n","protected":false},"author":2,"featured_media":812,"comment_status":"closed","ping_status":"closed","sticky":false,"template":"","format":"standard","meta":{"om_disable_all_campaigns":false,"_monsterinsights_skip_tracking":false,"_monsterinsights_sitenote_active":false,"_monsterinsights_sitenote_note":"","_monsterinsights_sitenote_category":0,"ngg_post_thumbnail":0},"categories":[5],"tags":[],"_links":{"self":[{"href":"http:\/\/turismopiedrasblancas.com.ar\/index.php\/wp-json\/wp\/v2\/posts\/811"}],"collection":[{"href":"http:\/\/turismopiedrasblancas.com.ar\/index.php\/wp-json\/wp\/v2\/posts"}],"about":[{"href":"http:\/\/turismopiedrasblancas.com.ar\/index.php\/wp-json\/wp\/v2\/types\/post"}],"author":[{"embeddable":true,"href":"http:\/\/turismopiedrasblancas.com.ar\/index.php\/wp-json\/wp\/v2\/users\/2"}],"replies":[{"embeddable":true,"href":"http:\/\/turismopiedrasblancas.com.ar\/index.php\/wp-json\/wp\/v2\/comments?post=811"}],"version-history":[{"count":5,"href":"http:\/\/turismopiedrasblancas.com.ar\/index.php\/wp-json\/wp\/v2\/posts\/811\/revisions"}],"predecessor-version":[{"id":834,"href":"http:\/\/turismopiedrasblancas.com.ar\/index.php\/wp-json\/wp\/v2\/posts\/811\/revisions\/834"}],"wp:featuredmedia":[{"embeddable":true,"href":"http:\/\/turismopiedrasblancas.com.ar\/index.php\/wp-json\/wp\/v2\/media\/812"}],"wp:attachment":[{"href":"http:\/\/turismopiedrasblancas.com.ar\/index.php\/wp-json\/wp\/v2\/media?parent=811"}],"wp:term":[{"taxonomy":"category","embeddable":true,"href":"http:\/\/turismopiedrasblancas.com.ar\/index.php\/wp-json\/wp\/v2\/categories?post=811"},{"taxonomy":"post_tag","embeddable":true,"href":"http:\/\/turismopiedrasblancas.com.ar\/index.php\/wp-json\/wp\/v2\/tags?post=811"}],"curies":[{"name":"wp","href":"https:\/\/api.w.org\/{rel}","templated":true}]}}