{"id":1629,"date":"2024-06-05T07:34:35","date_gmt":"2024-06-05T10:34:35","guid":{"rendered":"https:\/\/turismopiedrasblancas.com.ar\/?p=1629"},"modified":"2024-06-05T07:40:17","modified_gmt":"2024-06-05T10:40:17","slug":"entre-rios-presento-la-temporada-invernal-en-buenos-aires","status":"publish","type":"post","link":"http:\/\/turismopiedrasblancas.com.ar\/index.php\/2024\/06\/05\/entre-rios-presento-la-temporada-invernal-en-buenos-aires\/","title":{"rendered":"Entre R\u00edos present\u00f3 la temporada invernal en Buenos Aires"},"content":{"rendered":"\n<h6>&#8220;Con mucho orgullo,&nbsp; estamos esperando el fin de semana largo del 20 de junio y del 9 de julio, porque saben que la gente va a apostar por nuestra provincia&#8221;, dijo el gobernador en la ceremonia agradeciendo el acompa\u00f1amiento de empresarios, representantes de pymes&nbsp; e intendentes \u2022Por su parte,&nbsp; el secretario de Turismo, Ambiente y Deporte de la Naci\u00f3n, Daniel Scioli, augur\u00f3 que Entre R\u00edos ser\u00e1 &#8220;protagonista&#8221; de la temporada invernal<\/h6>\n\n\n\n<figure class=\"wp-block-image size-full\"><img loading=\"lazy\" width=\"800\" height=\"206\" src=\"http:\/\/turismopiedrasblancas.com.ar\/wp-content\/uploads\/2023\/11\/precios-pira.gif\" alt=\"\" class=\"wp-image-1582\"\/><\/figure>\n\n\n\n<p><strong>Este martes, el gobierno provincial lanz\u00f3 oficialmente sus productos tur\u00edsticos ante una importante concurrencia<\/strong><\/p>\n\n\n\n<p>&#8220;Vinimos a mostrar y vender a mi provincia, porque soy un convencido del potencial y de las bellezas que tenemos para ofrecer a los argentinos y al mundo&#8221;, dijo el gobernador Rogelio Frigerio en la ceremonia.<\/p>\n\n\n\n<p>El objetivo del lanzamiento, desarrollado en la Ciudad Aut\u00f3noma de Buenos Aires (CABA), fue promocionar a Entre R\u00edos como destino cercano para los turistas y con una infinidad de propuestas para la temporada de invierno 2024, considerando que el calendario anual presenta un fin de semana largo y el receso invernal.<\/p>\n\n\n\n<p>All\u00ed, el gobernador agradeci\u00f3 el acompa\u00f1amiento de empresarios, representantes de peque\u00f1as y medianas empresas (pymes) y de los intendentes que &#8220;con mucho orgullo est\u00e1n esperando el fin de semana largo del 20 de junio y del 9 de julio, porque saben que la gente va a apostar por nuestra provincia&#8221;.<\/p>\n\n\n\n<p>En la presentaci\u00f3n, que acompa\u00f1aron los secretarios de Turismo, Ambiente y Deporte de la Naci\u00f3n, Daniel Scioli, y de la provincia, Jorge Satto, el gobernador destac\u00f3 la cercan\u00eda de la provincia a los grandes centros poblados, sumado &#8220;a las cosas que tenemos para ofrecer como nuestra gente, su calidad, la seguridad -que es hoy un activo muy importante-, la bellezas naturales, la cultura y la historia&#8221;. &#8220;Fuimos capital de la Confederaci\u00f3n Argentina, dimos el primer presidente constitucional, fuimos la cuna de la organizaci\u00f3n nacional y eso forj\u00f3 historia y cultura&#8221;, acot\u00f3.<\/p>\n\n\n\n<p>Record\u00f3 que Entre R\u00edos supo ser una de las principales provincias vitivin\u00edcolas de la Argentina hasta la famosa ley de prohibici\u00f3n (con excepci\u00f3n de Cuyo) dictada por Agust\u00edn P. Justo en 1934: &#8220;Hoy estamos en camino de volver a ocupar ese lugar de privilegio y de responsabilidad, trabajando en tener una ruta del vino, como otras provincias, para vincular a la vitivinicultura con el turismo&#8221;.<\/p>\n\n\n\n<p>Detall\u00f3 que especialmente en esta \u00e9poca en que hace un poco de fr\u00edo, &#8220;las aguas termales son una posibilidad cierta para las escapadas de fin de semana y estamos ac\u00e1 para promoverlos y para que todos los conozcan&#8221;. Tambi\u00e9n agreg\u00f3 como atractivo la pesca, donde &#8220;se est\u00e1 dando mucho pique en los r\u00edos Uruguay y Paran\u00e1&#8221;.<\/p>\n\n\n\n<p>En este marco, asegur\u00f3: &#8220;Queremos recibirlos de la mejor manera posible, con toda la oferta que tenemos a disposici\u00f3n&#8221;.<\/p>\n","protected":false},"excerpt":{"rendered":"<p>&ldquo;Con mucho orgullo,&nbsp; estamos esperando el fin de semana largo del 20 de junio y del 9 de julio, porque saben que la gente va a apostar por nuestra provincia&rdquo;, dijo el gobernador en la ceremonia agradeciendo el acompa&ntilde;amiento de empresarios, representantes de pymes&nbsp; e intendentes &bull;Por su parte,&nbsp; el [&hellip;]<\/p>\n","protected":false},"author":2,"featured_media":1630,"comment_status":"closed","ping_status":"closed","sticky":false,"template":"","format":"standard","meta":{"om_disable_all_campaigns":false,"_monsterinsights_skip_tracking":false,"_monsterinsights_sitenote_active":false,"_monsterinsights_sitenote_note":"","_monsterinsights_sitenote_category":0,"ngg_post_thumbnail":0},"categories":[1],"tags":[],"_links":{"self":[{"href":"http:\/\/turismopiedrasblancas.com.ar\/index.php\/wp-json\/wp\/v2\/posts\/1629"}],"collection":[{"href":"http:\/\/turismopiedrasblancas.com.ar\/index.php\/wp-json\/wp\/v2\/posts"}],"about":[{"href":"http:\/\/turismopiedrasblancas.com.ar\/index.php\/wp-json\/wp\/v2\/types\/post"}],"author":[{"embeddable":true,"href":"http:\/\/turismopiedrasblancas.com.ar\/index.php\/wp-json\/wp\/v2\/users\/2"}],"replies":[{"embeddable":true,"href":"http:\/\/turismopiedrasblancas.com.ar\/index.php\/wp-json\/wp\/v2\/comments?post=1629"}],"version-history":[{"count":4,"href":"http:\/\/turismopiedrasblancas.com.ar\/index.php\/wp-json\/wp\/v2\/posts\/1629\/revisions"}],"predecessor-version":[{"id":1634,"href":"http:\/\/turismopiedrasblancas.com.ar\/index.php\/wp-json\/wp\/v2\/posts\/1629\/revisions\/1634"}],"wp:featuredmedia":[{"embeddable":true,"href":"http:\/\/turismopiedrasblancas.com.ar\/index.php\/wp-json\/wp\/v2\/media\/1630"}],"wp:attachment":[{"href":"http:\/\/turismopiedrasblancas.com.ar\/index.php\/wp-json\/wp\/v2\/media?parent=1629"}],"wp:term":[{"taxonomy":"category","embeddable":true,"href":"http:\/\/turismopiedrasblancas.com.ar\/index.php\/wp-json\/wp\/v2\/categories?post=1629"},{"taxonomy":"post_tag","embeddable":true,"href":"http:\/\/turismopiedrasblancas.com.ar\/index.php\/wp-json\/wp\/v2\/tags?post=1629"}],"curies":[{"name":"wp","href":"https:\/\/api.w.org\/{rel}","templated":true}]}}