{"id":1189,"date":"2022-02-10T10:32:22","date_gmt":"2022-02-10T13:32:22","guid":{"rendered":"http:\/\/turismopiedrasblancas.com.ar\/?p=1189"},"modified":"2022-02-10T10:32:24","modified_gmt":"2022-02-10T13:32:24","slug":"piedras-blancas-vivio-una-nueva-edicion-de-la-fiesta-de-la-artesania-y-gastronomia","status":"publish","type":"post","link":"http:\/\/turismopiedrasblancas.com.ar\/index.php\/2022\/02\/10\/piedras-blancas-vivio-una-nueva-edicion-de-la-fiesta-de-la-artesania-y-gastronomia\/","title":{"rendered":"Piedras Blancas, vivi\u00f3 una nueva edici\u00f3n de la Fiesta de la Artesan\u00eda y Gastronom\u00eda"},"content":{"rendered":"\n<p>El Polideportivo Municipal Fabio Gor\u00f3, se vio colmado de gente el pasado s\u00e1bado 5 de Febrero, atra\u00eddos por la cartelera de artistas y por los mas de 40 stand gastron\u00f3micos y artesanales, m\u00e1s de mil personas disfrutaron de la III Fiesta de la Artesan\u00eda y Gastronom\u00eda de\u00a0<a href=\"https:\/\/www.facebook.com\/hashtag\/piedrasblancas?__eep__=6&amp;source=feed_text&amp;epa=HASHTAG&amp;__xts__%5B0%5D=68.ARAMySFqiWgsKB_b3F5BH-52zQVWJw2lKjX32YcZ5a1Prtj64cSpWtUHusWFzI9kgTeTQJJ6Qy6yrsZ3dN1wcQBCCMIlPnRCP90jeeCY8eATanvUojZDkfE45FVJf-BG-DpMDbDIa7YqiclIrnE7TCjVUDoO3IKznVSB7Ikvt62kzFNCExDhs-RZ1kiO9Fpd6KvA3V_OMqFZ-E2ef97TrNYYKxZNwMbvpxsgyHuvR1OFVxKHPcVLGFjZPexuMro6qxhXy9am2SACedSQ-kJj7bwZYQLLXPIN2fqxhVi2TdManBzxpP4xVA&amp;__tn__=%2ANK-R\">#PiedrasBlancas<\/a>\u00a0<\/p>\n\n\n\n<p>Sobre el escenario montado especialmente para este evento, se pudo disfrutar del canto, y la danza de la Escuela Municipal de Danzas Los Gurises de la Costa, el Instituto Coreogr\u00e1fico Piedras Blancas, Vikingo Correa, Ariel Maidana, Los Carabajal, La Groupera y Mauri y la Sonora\u00a0quienes hicieron vivir una fiesta inolvidable. <\/p>\n\n\n\n<p>Adem\u00e1s, los presentes recorrieron los distintos stand de artesanos y gastron\u00f3micos locales y de toda la zona que pudieron mostrar y comercializar sus productos.<\/p>\n\n\n\n<p><\/p>\n","protected":false},"excerpt":{"rendered":"<p>El Polideportivo Municipal Fabio Gor&oacute;, se vio colmado de gente el pasado s&aacute;bado 5 de Febrero, atra&iacute;dos por la cartelera de artistas y por los mas de 40 stand gastron&oacute;micos y artesanales, m&aacute;s de mil personas disfrutaron de la III Fiesta de la Artesan&iacute;a y Gastronom&iacute;a de&nbsp;#PiedrasBlancas&nbsp; Sobre el escenario [&hellip;]<\/p>\n","protected":false},"author":2,"featured_media":1190,"comment_status":"closed","ping_status":"closed","sticky":false,"template":"","format":"standard","meta":{"om_disable_all_campaigns":false,"_monsterinsights_skip_tracking":false,"_monsterinsights_sitenote_active":false,"_monsterinsights_sitenote_note":"","_monsterinsights_sitenote_category":0,"ngg_post_thumbnail":0},"categories":[5],"tags":[],"_links":{"self":[{"href":"http:\/\/turismopiedrasblancas.com.ar\/index.php\/wp-json\/wp\/v2\/posts\/1189"}],"collection":[{"href":"http:\/\/turismopiedrasblancas.com.ar\/index.php\/wp-json\/wp\/v2\/posts"}],"about":[{"href":"http:\/\/turismopiedrasblancas.com.ar\/index.php\/wp-json\/wp\/v2\/types\/post"}],"author":[{"embeddable":true,"href":"http:\/\/turismopiedrasblancas.com.ar\/index.php\/wp-json\/wp\/v2\/users\/2"}],"replies":[{"embeddable":true,"href":"http:\/\/turismopiedrasblancas.com.ar\/index.php\/wp-json\/wp\/v2\/comments?post=1189"}],"version-history":[{"count":1,"href":"http:\/\/turismopiedrasblancas.com.ar\/index.php\/wp-json\/wp\/v2\/posts\/1189\/revisions"}],"predecessor-version":[{"id":1191,"href":"http:\/\/turismopiedrasblancas.com.ar\/index.php\/wp-json\/wp\/v2\/posts\/1189\/revisions\/1191"}],"wp:featuredmedia":[{"embeddable":true,"href":"http:\/\/turismopiedrasblancas.com.ar\/index.php\/wp-json\/wp\/v2\/media\/1190"}],"wp:attachment":[{"href":"http:\/\/turismopiedrasblancas.com.ar\/index.php\/wp-json\/wp\/v2\/media?parent=1189"}],"wp:term":[{"taxonomy":"category","embeddable":true,"href":"http:\/\/turismopiedrasblancas.com.ar\/index.php\/wp-json\/wp\/v2\/categories?post=1189"},{"taxonomy":"post_tag","embeddable":true,"href":"http:\/\/turismopiedrasblancas.com.ar\/index.php\/wp-json\/wp\/v2\/tags?post=1189"}],"curies":[{"name":"wp","href":"https:\/\/api.w.org\/{rel}","templated":true}]}}