{"id":1157,"date":"2022-01-20T12:31:50","date_gmt":"2022-01-20T15:31:50","guid":{"rendered":"http:\/\/turismopiedrasblancas.com.ar\/?p=1157"},"modified":"2022-01-20T12:32:33","modified_gmt":"2022-01-20T15:32:33","slug":"debido-a-la-situacion-sanitaria-se-suspendio-la-fiesta-de-la-playa-ii","status":"publish","type":"post","link":"http:\/\/turismopiedrasblancas.com.ar\/index.php\/2022\/01\/20\/debido-a-la-situacion-sanitaria-se-suspendio-la-fiesta-de-la-playa-ii\/","title":{"rendered":"Debido a la situaci\u00f3n sanitaria, se suspendi\u00f3 la Fiesta de la Playa II"},"content":{"rendered":"\n<p>El Municipio de Piedras Blancas, a trav\u00e9s de un comunicado anunci\u00f3 la suspensi\u00f3n de la Fiesta de la Playa II debido al alarmante incremento de contagios de Covid 19 en la localidad<\/p>\n\n\n\n<p>El comunicado se\u00f1ala &#8220;ante el considerable incremento de contagios de Covid-19 que se han registrado durante los \u00faltimos d\u00edas en Piedras Blancas, las autoridades locales han decidido suspender la Fiesta de la Playa II, que estaba programada para el s\u00e1bado 22 de enero.<br>Por otra parte, contin\u00faan en pie la realizaci\u00f3n de la traves\u00eda en motos, cuatriciclos y UTV organizada por Apema, programada para el domingo 30 de enero; y la Fiesta de la Artesan\u00eda y Gastronom\u00eda del s\u00e1bado 5 de febrero, donde est\u00e1 prevista la actuaci\u00f3n exclusiva de &#8220;Los Carabajal&#8221;.<br>Se recomienda que se acent\u00faen los cuidados sanitarios.&#8221;<br>Prensa Turismo Piedras Blancas.<\/p>\n","protected":false},"excerpt":{"rendered":"<p>El Municipio de Piedras Blancas, a trav&eacute;s de un comunicado anunci&oacute; la suspensi&oacute;n de la Fiesta de la Playa II debido al alarmante incremento de contagios de Covid 19 en la localidad El comunicado se&ntilde;ala &ldquo;ante el considerable incremento de contagios de Covid-19 que se han registrado durante los &uacute;ltimos [&hellip;]<\/p>\n","protected":false},"author":2,"featured_media":1158,"comment_status":"closed","ping_status":"closed","sticky":false,"template":"","format":"standard","meta":{"om_disable_all_campaigns":false,"_monsterinsights_skip_tracking":false,"_monsterinsights_sitenote_active":false,"_monsterinsights_sitenote_note":"","_monsterinsights_sitenote_category":0,"ngg_post_thumbnail":0},"categories":[4],"tags":[],"_links":{"self":[{"href":"http:\/\/turismopiedrasblancas.com.ar\/index.php\/wp-json\/wp\/v2\/posts\/1157"}],"collection":[{"href":"http:\/\/turismopiedrasblancas.com.ar\/index.php\/wp-json\/wp\/v2\/posts"}],"about":[{"href":"http:\/\/turismopiedrasblancas.com.ar\/index.php\/wp-json\/wp\/v2\/types\/post"}],"author":[{"embeddable":true,"href":"http:\/\/turismopiedrasblancas.com.ar\/index.php\/wp-json\/wp\/v2\/users\/2"}],"replies":[{"embeddable":true,"href":"http:\/\/turismopiedrasblancas.com.ar\/index.php\/wp-json\/wp\/v2\/comments?post=1157"}],"version-history":[{"count":1,"href":"http:\/\/turismopiedrasblancas.com.ar\/index.php\/wp-json\/wp\/v2\/posts\/1157\/revisions"}],"predecessor-version":[{"id":1159,"href":"http:\/\/turismopiedrasblancas.com.ar\/index.php\/wp-json\/wp\/v2\/posts\/1157\/revisions\/1159"}],"wp:featuredmedia":[{"embeddable":true,"href":"http:\/\/turismopiedrasblancas.com.ar\/index.php\/wp-json\/wp\/v2\/media\/1158"}],"wp:attachment":[{"href":"http:\/\/turismopiedrasblancas.com.ar\/index.php\/wp-json\/wp\/v2\/media?parent=1157"}],"wp:term":[{"taxonomy":"category","embeddable":true,"href":"http:\/\/turismopiedrasblancas.com.ar\/index.php\/wp-json\/wp\/v2\/categories?post=1157"},{"taxonomy":"post_tag","embeddable":true,"href":"http:\/\/turismopiedrasblancas.com.ar\/index.php\/wp-json\/wp\/v2\/tags?post=1157"}],"curies":[{"name":"wp","href":"https:\/\/api.w.org\/{rel}","templated":true}]}}